{"id":906,"date":"2015-09-20T22:31:07","date_gmt":"2015-09-20T20:31:07","guid":{"rendered":"http:\/\/duhovna-druzina-delo.rkc.si\/?p=906"},"modified":"2016-10-26T14:17:10","modified_gmt":"2016-10-26T12:17:10","slug":"nedelja-svetniskih-kandidatov","status":"publish","type":"post","link":"https:\/\/duhovna-druzina-delo.rkc.si\/?p=906","title":{"rendered":"nedelja svetni\u0161kih kandidatov"},"content":{"rendered":"<p><a href=\"https:\/\/duhovna-druzina-delo.rkc.si\/wp-content\/uploads\/2015\/09\/podobica_NSK.jpg\"><img decoding=\"async\" class=\"alignnone size-full wp-image-908\" src=\"https:\/\/duhovna-druzina-delo.rkc.si\/wp-content\/uploads\/2015\/09\/podobica_NSK.jpg\" alt=\"podobica_NSK\" width=\"250\" srcset=\"https:\/\/duhovna-druzina-delo.rkc.si\/wp-content\/uploads\/2015\/09\/podobica_NSK.jpg 398w, https:\/\/duhovna-druzina-delo.rkc.si\/wp-content\/uploads\/2015\/09\/podobica_NSK-128x205.jpg 128w, https:\/\/duhovna-druzina-delo.rkc.si\/wp-content\/uploads\/2015\/09\/podobica_NSK-187x300.jpg 187w\" sizes=\"(max-width: 398px) 100vw, 398px\" \/><\/a>Dan svetni\u0161kih kandidatov v Strletovi rojstni \u017eupniji Sv. Vid nad Cerknico.<\/p>\n<p>V nedeljo, 20. septembra 2015, je bila slovesnost ob dnevu svetni\u0161kih kandidatov ljubljanske metropolije. Tokrat je bil v ospredju bo\u017eji slu\u017eabnik prof. dr. Anton Strle, katerega stoto obletnico rojstva obhajamo letos.<br \/>\nOb 15.00 se je za\u010dela ura \u010de\u0161\u010denje, v kateri so se prepletale pesmi, Strletova besedila in molitev ro\u017enega venca s posebnimi nameni pred vsako desetko.<br \/>\nOb 16.00 se je pri\u010dela sv. ma\u0161a, ki jo je vodil ljubljanski nad\u0161kof in metropolit msgr. Stanislav Zore, ob njem pa sta bila \u0161e novome\u0161ki \u0161kof msgr. Andrej Glavan, predsednik slovenske \u0161kofovske konference in apostolski nuncij msgr. dr. Juliusz Janusz. Soma\u0161evalo je 50 duhovnikov, v cerkvi pa so bili \u0161tevilni verniki pa tudi veliko redovnic. Nad\u0161kof se je v homiliji zaustavil zlasti ob bo\u017ejem slu\u017eabniku Strletu. Hkrati je poudaril, kako je potrebno, da se k na\u0161im svetni\u0161kim kandidatom tudi priporo\u010damo.<br \/>\nPo ma\u0161i je bila \u0161e predstavitev postopkov za beatifikacijo.<br \/>\nV Strletovi doma\u010di \u017eupniji so v spomin na dana\u0161nji dan poskrbeli za napis na njegovi rojstni hi\u0161i, za plo\u0161\u010do na \u017eupnijski cerkvi in za kri\u017e na kraju globokega do\u017eivetja Boga pri desetih letih.<\/p>\n","protected":false},"excerpt":{"rendered":"<p><a href=\"https:\/\/duhovna-druzina-delo.rkc.si\/wp-content\/uploads\/2015\/09\/podobica_NSK.jpg\"><img decoding=\"async\" loading=\"lazy\" class=\"alignnone size-thumbnail wp-image-908\" src=\"https:\/\/duhovna-druzina-delo.rkc.si\/wp-content\/uploads\/2015\/09\/podobica_NSK-128x205.jpg\" alt=\"podobica_NSK\" width=\"128\" height=\"205\" srcset=\"https:\/\/duhovna-druzina-delo.rkc.si\/wp-content\/uploads\/2015\/09\/podobica_NSK-128x205.jpg 128w, https:\/\/duhovna-druzina-delo.rkc.si\/wp-content\/uploads\/2015\/09\/podobica_NSK-187x300.jpg 187w, https:\/\/duhovna-druzina-delo.rkc.si\/wp-content\/uploads\/2015\/09\/podobica_NSK.jpg 398w\" sizes=\"(max-width: 128px) 100vw, 128px\" \/><\/a>V nedeljo, 20. septembra 2015, je bila slovesnost ob dnevu svetni\u0161kih kandidatov ljubljanske metropolije. Tokrat je bil v ospredju bo\u017eji slu\u017eabnik prof. dr. Anton Strle, katerega stoto obletnico rojstva obhajamo letos.<\/p>\n","protected":false},"author":3,"featured_media":0,"comment_status":"closed","ping_status":"closed","sticky":false,"template":"","format":"standard","meta":{"footnotes":""},"categories":[25],"tags":[],"_links":{"self":[{"href":"https:\/\/duhovna-druzina-delo.rkc.si\/index.php?rest_route=\/wp\/v2\/posts\/906"}],"collection":[{"href":"https:\/\/duhovna-druzina-delo.rkc.si\/index.php?rest_route=\/wp\/v2\/posts"}],"about":[{"href":"https:\/\/duhovna-druzina-delo.rkc.si\/index.php?rest_route=\/wp\/v2\/types\/post"}],"author":[{"embeddable":true,"href":"https:\/\/duhovna-druzina-delo.rkc.si\/index.php?rest_route=\/wp\/v2\/users\/3"}],"replies":[{"embeddable":true,"href":"https:\/\/duhovna-druzina-delo.rkc.si\/index.php?rest_route=%2Fwp%2Fv2%2Fcomments&post=906"}],"version-history":[{"count":7,"href":"https:\/\/duhovna-druzina-delo.rkc.si\/index.php?rest_route=\/wp\/v2\/posts\/906\/revisions"}],"predecessor-version":[{"id":1291,"href":"https:\/\/duhovna-druzina-delo.rkc.si\/index.php?rest_route=\/wp\/v2\/posts\/906\/revisions\/1291"}],"wp:attachment":[{"href":"https:\/\/duhovna-druzina-delo.rkc.si\/index.php?rest_route=%2Fwp%2Fv2%2Fmedia&parent=906"}],"wp:term":[{"taxonomy":"category","embeddable":true,"href":"https:\/\/duhovna-druzina-delo.rkc.si\/index.php?rest_route=%2Fwp%2Fv2%2Fcategories&post=906"},{"taxonomy":"post_tag","embeddable":true,"href":"https:\/\/duhovna-druzina-delo.rkc.si\/index.php?rest_route=%2Fwp%2Fv2%2Ftags&post=906"}],"curies":[{"name":"wp","href":"https:\/\/api.w.org\/{rel}","templated":true}]}}